{"id":913,"date":"2018-02-16T13:40:11","date_gmt":"2018-02-16T11:40:11","guid":{"rendered":"http:\/\/www.orivedenerasudet.fi\/?p=913"},"modified":"2019-08-27T11:09:33","modified_gmt":"2019-08-27T08:09:33","slug":"merkillista-eiko-totta","status":"publish","type":"post","link":"https:\/\/www.orivedenerasudet.fi\/?p=913","title":{"rendered":"Merkillist\u00e4, eik\u00f6 totta?"},"content":{"rendered":"<p><a href=\"https:\/\/www.orivedenerasudet.fi\/wp-content\/uploads\/2016\/02\/OE_CMYK16-1.jpg\"  rel=\"lightbox[913] attachment wp-att-915\"><img loading=\"lazy\" decoding=\"async\" class=\"alignnone size-medium wp-image-915\" src=\"https:\/\/www.orivedenerasudet.fi\/wp-content\/uploads\/2016\/02\/OE_CMYK16-1-300x296.jpg\" alt=\"OE_CMYK16\" width=\"300\" height=\"296\" srcset=\"https:\/\/www.orivedenerasudet.fi\/wp-content\/uploads\/2016\/02\/OE_CMYK16-1-300x296.jpg 300w, https:\/\/www.orivedenerasudet.fi\/wp-content\/uploads\/2016\/02\/OE_CMYK16-1-768x759.jpg 768w, https:\/\/www.orivedenerasudet.fi\/wp-content\/uploads\/2016\/02\/OE_CMYK16-1-1024x1012.jpg 1024w, https:\/\/www.orivedenerasudet.fi\/wp-content\/uploads\/2016\/02\/OE_CMYK16-1-152x150.jpg 152w, https:\/\/www.orivedenerasudet.fi\/wp-content\/uploads\/2016\/02\/OE_CMYK16-1-150x148.jpg 150w, https:\/\/www.orivedenerasudet.fi\/wp-content\/uploads\/2016\/02\/OE_CMYK16-1.jpg 1542w\" sizes=\"auto, (max-width: 300px) 100vw, 300px\" \/><\/a><\/p>\n<p>Oriveden er\u00e4susien huivimerkki.<\/p>\n<ul>\n<li>Vanha huivimerkki siirtyy lippukunnan hihamerkiksi.<\/li>\n<li>K\u00e4ytt\u00f6\u00f6n otetaan uusi huivimerkki, josta kuva ohessa.<\/li>\n<li>Huiviin otetaan k\u00e4ytt\u00f6\u00f6n punainen &#8221;suden veri&#8221;-reunus, jonka saa, kun oma ik\u00e4luokka on seikkailijat tai sit\u00e4 vanhempi ja on y\u00f6pynyt v\u00e4hint\u00e4\u00e4n viisi y\u00f6t\u00e4 maastossa.<\/li>\n<\/ul>\n","protected":false},"excerpt":{"rendered":"<p>K\u00e4ytt\u00f6\u00f6n otetaan uusi huivimerkki, josta kuva ohessa. Huiviin otetaan k\u00e4ytt\u00f6\u00f6n punainen &#8221;suden veri&#8221;-reunus, jonka saa, kun oma ik\u00e4luokka on seikkailijat tai sit\u00e4 vanhempi ja on y\u00f6pynyt v\u00e4hint\u00e4\u00e4n viisi y\u00f6t\u00e4 maastossa. Lis\u00e4tietoja ja ohjeita tulossa l\u00e4hiviikkoina.<a class=\"more-link\" href=\"https:\/\/www.orivedenerasudet.fi\/?p=913\">Lue lis\u00e4\u00e4 \u2192<\/a><\/p>\n","protected":false},"author":8,"featured_media":0,"comment_status":"closed","ping_status":"open","sticky":false,"template":"","format":"standard","meta":{"footnotes":""},"categories":[10],"tags":[],"class_list":{"0":"entry","1":"post","2":"publish","3":"author-admin","4":"has-excerpt","5":"post-913","7":"format-standard","8":"category-menneet"},"_links":{"self":[{"href":"https:\/\/www.orivedenerasudet.fi\/index.php?rest_route=\/wp\/v2\/posts\/913","targetHints":{"allow":["GET"]}}],"collection":[{"href":"https:\/\/www.orivedenerasudet.fi\/index.php?rest_route=\/wp\/v2\/posts"}],"about":[{"href":"https:\/\/www.orivedenerasudet.fi\/index.php?rest_route=\/wp\/v2\/types\/post"}],"author":[{"embeddable":true,"href":"https:\/\/www.orivedenerasudet.fi\/index.php?rest_route=\/wp\/v2\/users\/8"}],"replies":[{"embeddable":true,"href":"https:\/\/www.orivedenerasudet.fi\/index.php?rest_route=%2Fwp%2Fv2%2Fcomments&post=913"}],"version-history":[{"count":4,"href":"https:\/\/www.orivedenerasudet.fi\/index.php?rest_route=\/wp\/v2\/posts\/913\/revisions"}],"predecessor-version":[{"id":1214,"href":"https:\/\/www.orivedenerasudet.fi\/index.php?rest_route=\/wp\/v2\/posts\/913\/revisions\/1214"}],"wp:attachment":[{"href":"https:\/\/www.orivedenerasudet.fi\/index.php?rest_route=%2Fwp%2Fv2%2Fmedia&parent=913"}],"wp:term":[{"taxonomy":"category","embeddable":true,"href":"https:\/\/www.orivedenerasudet.fi\/index.php?rest_route=%2Fwp%2Fv2%2Fcategories&post=913"},{"taxonomy":"post_tag","embeddable":true,"href":"https:\/\/www.orivedenerasudet.fi\/index.php?rest_route=%2Fwp%2Fv2%2Ftags&post=913"}],"curies":[{"name":"wp","href":"https:\/\/api.w.org\/{rel}","templated":true}]}}