{"id":891,"date":"2015-11-26T09:05:58","date_gmt":"2015-11-26T07:05:58","guid":{"rendered":"http:\/\/www.orivedenerasudet.fi\/?p=891"},"modified":"2016-02-19T15:43:18","modified_gmt":"2016-02-19T13:43:18","slug":"joulujuhla-10-12-2015-klo-18","status":"publish","type":"post","link":"https:\/\/www.orivedenerasudet.fi\/?p=891","title":{"rendered":"Joulujuhla 15.12.2015 klo 18"},"content":{"rendered":"<p>Lippukuntamme perinteinen joulujuhla ja lupauksenantotilaisuus on tiistaina 15.12.2015 klo 18 seurakuntatalon salissa.<\/p>\n<p>Ohjelmassa mm. yhteislaulua, esityksi\u00e4 sek\u00e4 merkkienjako.<\/p>\n<p>Partiolaiset pukeutuvat partiohuiviin, partiopaitaan sek\u00e4 tummiin housuihin tai hameeseen. Mik\u00e4li partiolaisella ei ole partiopaitaa, pukeudutaan tummansiniseen kuviottomaan pitk\u00e4hihaiseen paitaan.<\/p>\n<p>Perheenj\u00e4senet ovat tervetulleita mukaan!<\/p>\n<p>Syksyn toimintamme p\u00e4\u00e4ttyy joulujuhlaan. Tammikuussa 2016 aloitamme koloillat viikolla 2.<\/p>\n","protected":false},"excerpt":{"rendered":"<p>Lippukuntamme perinteinen joulujuhla ja lupauksenantotilaisuus on tiistaina 15.12.2015 klo 18 seurakuntatalon salissa. Ohjelmassa mm. yhteislaulua, esityksi\u00e4 sek\u00e4 merkkienjako. Partiolaiset pukeutuvat partiohuiviin, partiopaitaan sek\u00e4 tummiin housuihin tai hameeseen. Mik\u00e4li partiolaisella ei ole partiopaitaa, pukeudutaan tummansiniseen kuviottomaan pitk\u00e4hihaiseen paitaan. Perheenj\u00e4senet ovat tervetulleita mukaan! Syksyn toimintamme p\u00e4\u00e4ttyy joulujuhlaan. Tammikuussa 2016 aloitamme koloillat viikolla 2.<a class=\"more-link\" href=\"https:\/\/www.orivedenerasudet.fi\/?p=891\">Lue lis\u00e4\u00e4 \u2192<\/a><\/p>\n","protected":false},"author":8,"featured_media":0,"comment_status":"closed","ping_status":"open","sticky":false,"template":"","format":"standard","meta":{"footnotes":""},"categories":[10],"tags":[],"class_list":{"0":"entry","1":"post","2":"publish","3":"author-admin","4":"post-891","6":"format-standard","7":"category-menneet"},"_links":{"self":[{"href":"https:\/\/www.orivedenerasudet.fi\/index.php?rest_route=\/wp\/v2\/posts\/891","targetHints":{"allow":["GET"]}}],"collection":[{"href":"https:\/\/www.orivedenerasudet.fi\/index.php?rest_route=\/wp\/v2\/posts"}],"about":[{"href":"https:\/\/www.orivedenerasudet.fi\/index.php?rest_route=\/wp\/v2\/types\/post"}],"author":[{"embeddable":true,"href":"https:\/\/www.orivedenerasudet.fi\/index.php?rest_route=\/wp\/v2\/users\/8"}],"replies":[{"embeddable":true,"href":"https:\/\/www.orivedenerasudet.fi\/index.php?rest_route=%2Fwp%2Fv2%2Fcomments&post=891"}],"version-history":[{"count":2,"href":"https:\/\/www.orivedenerasudet.fi\/index.php?rest_route=\/wp\/v2\/posts\/891\/revisions"}],"predecessor-version":[{"id":894,"href":"https:\/\/www.orivedenerasudet.fi\/index.php?rest_route=\/wp\/v2\/posts\/891\/revisions\/894"}],"wp:attachment":[{"href":"https:\/\/www.orivedenerasudet.fi\/index.php?rest_route=%2Fwp%2Fv2%2Fmedia&parent=891"}],"wp:term":[{"taxonomy":"category","embeddable":true,"href":"https:\/\/www.orivedenerasudet.fi\/index.php?rest_route=%2Fwp%2Fv2%2Fcategories&post=891"},{"taxonomy":"post_tag","embeddable":true,"href":"https:\/\/www.orivedenerasudet.fi\/index.php?rest_route=%2Fwp%2Fv2%2Ftags&post=891"}],"curies":[{"name":"wp","href":"https:\/\/api.w.org\/{rel}","templated":true}]}}