{"id":874,"date":"2015-11-01T13:00:10","date_gmt":"2015-11-01T11:00:10","guid":{"rendered":"http:\/\/www.orivedenerasudet.fi\/?p=874"},"modified":"2022-01-10T07:38:55","modified_gmt":"2022-01-10T05:38:55","slug":"sudarit-toimittajina","status":"publish","type":"post","link":"https:\/\/www.orivedenerasudet.fi\/?p=874","title":{"rendered":"Sudarit toimittajina"},"content":{"rendered":"<p>Syksyn 2015 koloilloissa sudarilaumat Notkeat Ilvekset ja Viekkaat Ketut ovat kokeilleet toimittajan hommia kirjoittamalla sek\u00e4 uutisia ett\u00e4 esittelyt omasta laumastaan ja partiotoiminnasta. T\u00e4ss\u00e4 sudareiden kirjoituksia:<\/p>\n<p>&#8221;Ilvekset on veljekset&#8221;<\/p>\n<p>-Veera H. ja Anna: Kes\u00e4leirill\u00e4 paistettiin lettuja, nukuttiin teltassa, paistettiin makkaraa. Kelluin ja uin pelastusliiveill\u00e4 ja heitin pelastusk\u00f6ytt\u00e4.<\/p>\n<p>-Veikka: Olen ollut partiossa noin vuoden ja puoli. Minulla on hyvi\u00e4 kavereita ja t\u00e4\u00e4ll\u00e4 on aika hauskaa.<\/p>\n<p>-Aurora: On kivaa harrastaa partiota, siell\u00e4 oppii paljon uutta. Se on kivaa, kun saa uusia kavereita.<\/p>\n<p>-Aarni A.: Olin L\u00f6yt\u00f6retkell\u00e4 Orivedell\u00e4. Maistelin mehua, se oli parasta.<\/p>\n<p>-Veera L.: Olin Paltanm\u00e4ell\u00e4 sudarikisoissa. Min\u00e4 tykk\u00e4\u00e4n olla partiossa, kun siell\u00e4 oppii uusia asioita ja siell\u00e4 on kavereita. Partiossa on kivoja ohjaajia.<\/p>\n<p>-Aarni V.: Olin sudaritapahtuma Kolkkien Matkassa Teiskossa. Parasta oli, kun ammuttiin oravia eli ilmapalloja.<\/p>\n<p>-Jola: Muistakaa, partio on mukavaa!!!<\/p>\n<p>&nbsp;<\/p>\n<p>&#8221;Viekkaat Ketut, parhaat ketut&#8221;<\/p>\n<p>-Eevi ja Alina: Kokoonnumme seurakuntatalon kerhotilassa joka toinen tiistai ja meill\u00e4 on sinist\u00e4 p\u00e4\u00e4ll\u00e4, huivit ja partiopaidat. Meid\u00e4n laumamme on tehnyt kaikenlaista ja nyt teemme t\u00e4m\u00e4n jutun Toimittaja-merkki\u00e4 varten. Teemme paljon merkkej\u00e4 ja k\u00e4ymme tapahtumissa.<\/p>\n<p>-Jyry ja Aaro: Olimme Kouvolan Suurjuhlassa kes\u00e4ll\u00e4 2014 ja siell\u00e4 oli eritt\u00e4in j\u00e4nnitt\u00e4v\u00e4\u00e4. Y\u00f6vyimme m\u00f6keiss\u00e4. Viime kes\u00e4n leiri oli Intiaanikes\u00e4 ja se oli P\u00e4iv\u00f6l\u00e4ss\u00e4.<\/p>\n<p>-Eeli ja Juuso: Olimme mukana sudenpentukisoissa Oriveden Paltanm\u00e4ell\u00e4 kev\u00e4\u00e4ll\u00e4 2015. Teimme trangialla kiisseli\u00e4 ja ompelimme napit kankaaseen.<\/p>\n<p>-Anton ja Petteri: Olemme olleet partiossa kohta 3 vuotta. Toukokuussa olimme mukana partioparaatissa Tampereella. Paraati alkoi Koskipuistosta ja p\u00e4\u00e4ttyi S\u00e4rk\u00e4nniemeen. Olimme paljon eri laitteissa. Syksyn retki tehtiin Siikanevalle. Siell\u00e4 paistoimme makkaraa ja k\u00e4vimme l\u00e4pi jokamiehen oikeudet.<\/p>\n","protected":false},"excerpt":{"rendered":"<p>Syksyn 2015 koloilloissa sudarilaumat Notkeat Ilvekset ja Viekkaat Ketut ovat kokeilleet toimittajan hommia kirjoittamalla sek\u00e4 uutisia ett\u00e4 esittelyt omasta laumastaan ja partiotoiminnasta. T\u00e4ss\u00e4 sudareiden kirjoituksia: &#8221;Ilvekset on veljekset&#8221; -Veera H. ja Anna: Kes\u00e4leirill\u00e4 paistettiin lettuja, nukuttiin teltassa, paistettiin makkaraa. Kelluin ja uin pelastusliiveill\u00e4 ja heitin pelastusk\u00f6ytt\u00e4. -Veikka: Olen ollut partiossa noin vuoden ja puoli. Minulla on hyvi\u00e4 kavereita ja t\u00e4\u00e4ll\u00e4 on aika hauskaa. -Aurora: On kivaa harrastaa partiota, siell\u00e4 oppii paljon uutta. Se on kivaa, kun saa uusia kavereita. -Aarni A.: Olin L\u00f6yt\u00f6retkell\u00e4 Orivedell\u00e4. Maistelin mehua, se oli parasta. -Veera L.: Olin Paltanm\u00e4ell\u00e4 sudarikisoissa. Min\u00e4 tykk\u00e4\u00e4n olla partiossa, kun siell\u00e4 oppii uusia asioita ja siell\u00e4<a class=\"more-link\" href=\"https:\/\/www.orivedenerasudet.fi\/?p=874\">Lue lis\u00e4\u00e4 \u2192<\/a><\/p>\n","protected":false},"author":8,"featured_media":0,"comment_status":"closed","ping_status":"closed","sticky":false,"template":"","format":"standard","meta":{"footnotes":""},"categories":[10],"tags":[],"class_list":{"0":"entry","1":"post","2":"publish","3":"author-admin","4":"post-874","6":"format-standard","7":"category-menneet"},"_links":{"self":[{"href":"https:\/\/www.orivedenerasudet.fi\/index.php?rest_route=\/wp\/v2\/posts\/874","targetHints":{"allow":["GET"]}}],"collection":[{"href":"https:\/\/www.orivedenerasudet.fi\/index.php?rest_route=\/wp\/v2\/posts"}],"about":[{"href":"https:\/\/www.orivedenerasudet.fi\/index.php?rest_route=\/wp\/v2\/types\/post"}],"author":[{"embeddable":true,"href":"https:\/\/www.orivedenerasudet.fi\/index.php?rest_route=\/wp\/v2\/users\/8"}],"replies":[{"embeddable":true,"href":"https:\/\/www.orivedenerasudet.fi\/index.php?rest_route=%2Fwp%2Fv2%2Fcomments&post=874"}],"version-history":[{"count":2,"href":"https:\/\/www.orivedenerasudet.fi\/index.php?rest_route=\/wp\/v2\/posts\/874\/revisions"}],"predecessor-version":[{"id":877,"href":"https:\/\/www.orivedenerasudet.fi\/index.php?rest_route=\/wp\/v2\/posts\/874\/revisions\/877"}],"wp:attachment":[{"href":"https:\/\/www.orivedenerasudet.fi\/index.php?rest_route=%2Fwp%2Fv2%2Fmedia&parent=874"}],"wp:term":[{"taxonomy":"category","embeddable":true,"href":"https:\/\/www.orivedenerasudet.fi\/index.php?rest_route=%2Fwp%2Fv2%2Fcategories&post=874"},{"taxonomy":"post_tag","embeddable":true,"href":"https:\/\/www.orivedenerasudet.fi\/index.php?rest_route=%2Fwp%2Fv2%2Ftags&post=874"}],"curies":[{"name":"wp","href":"https:\/\/api.w.org\/{rel}","templated":true}]}}