{"id":1313,"date":"2025-04-21T18:54:16","date_gmt":"2025-04-21T15:54:16","guid":{"rendered":"https:\/\/www.orivedenerasudet.fi\/?p=1313"},"modified":"2025-11-20T13:48:56","modified_gmt":"2025-11-20T11:48:56","slug":"kesaleiri-2025-lahde","status":"publish","type":"post","link":"https:\/\/www.orivedenerasudet.fi\/?p=1313","title":{"rendered":"Kes\u00e4leiri 2025 &#8211; L\u00e4hde"},"content":{"rendered":"\n<p>L\u00e4hde Kes\u00e4leirille! Oriveden Er\u00e4susien ja Messukyl\u00e4n Mets\u00e4poikien kes\u00e4leiri huipentaa partiovuoden! T\u00e4t\u00e4 leiri\u00e4 et halua kuulla j\u00e4lkik\u00e4teen kaverin kertomana, vaan se on ehdottomasti koettava itse paikan p\u00e4\u00e4ll\u00e4! Luvassa on tottakai perinteisi\u00e4 leiriel\u00e4myksi\u00e4, kuten \u00f6it\u00e4 teltassa jaa iltanuotiota. Mutta mit\u00e4 mahtaakaan tarkoittaa leirin nimi \u201dL\u00e4hde!\u201d? Huhujen mukaan leirill\u00e4 p\u00e4\u00e4see ainakin vesille. L\u00e4hde mukaan!<\/p>\n\n\n\n<p>Ilmoittautumislinkki on sivun alalaidassa. Ilmoittautumiseen tarvitset Kuksa-tunnukset. Mik\u00e4li tunnusten tai ilmoittautumisen kanssa ilmenee ongelmia, voi yhteytt\u00e4 ottaa lippukuntasi j\u00e4senrekisterin hoitajaan.&nbsp;<strong>Ilmoittautuminen ja osallistumismaksu on hoidettava viimeist\u00e4\u00e4n 25.5.!<\/strong><\/p>\n\n\n\n<p>Mik\u00e4li et ehdi olemaan koko leiri\u00e4, se ei ole mik\u00e4\u00e4n ongelma! Leirill\u00e4 voi olla my\u00f6s vain osan aikaa. Sovi t\u00e4st\u00e4 leirin johdon kanssa mielell\u00e4\u00e4n jo ennen ilmoittautumista. Leirin hintakaan ei ole este osallistumiselle. Lippukunnanjohtajalta voi tiedustella maksuvapautusta t\u00e4h\u00e4nkin tapahtumaan.<\/p>\n\n\n\n<p>Leirille ei saa tulla kipe\u00e4n\u00e4 tai oireilevana. Sairauden vuoksi peruneen leiril\u00e4inen voi pyyt\u00e4\u00e4 osallistumismaksun palautusta partiovakuutuksesta.<\/p>\n\n\n\n<p>Tervetuloa mukaan kes\u00e4n parhaaseen partiospektaakkeliin, jossa p\u00e4\u00e4see nauttimaan mahtavasta ohjelmasta ja hyv\u00e4st\u00e4 menosta! Tavataan leirill\u00e4!<\/p>\n\n\n\n<p>Terveisin,<br>Leirin johtajisto<\/p>\n\n\n\n<p><strong>Arttu Lehti<\/strong><br>Oriveden Er\u00e4sudet<br>s-posti: r2arttu@yahoo.com<br>puh: 040 1929124<\/p>\n\n\n\n<h2 class=\"wp-block-heading\" id=\"0-sudenpennut\">Sudenpennut<\/h2>\n\n\n\n<p>Leirille l\u00e4ht\u00f6&nbsp;<strong>perjantaina 6.6. klo 17<\/strong>. L\u00e4hdemme yhdess\u00e4 vanhempien kyydein Keltolahteen (Keltolahdentie 105, matka n. 20 km)<\/p>\n\n\n\n<p>Leirin hinta on 30\u20ac<\/p>\n\n\n\n<p>Oriveden Er\u00e4sudet l\u00e4htev\u00e4t liikkeelle Seurakuntatalolta (Latokartanontie 5). Paluu on sunnuntaina samaan paikkaan.<\/p>\n\n\n\n<h2 class=\"wp-block-heading\" id=\"1-vanhemmat-ik%C3%A4kaudet\">Vanhemmat ik\u00e4kaudet<\/h2>\n\n\n\n<p>Leirille l\u00e4ht\u00f6 on&nbsp;<strong>maanantaina 2.6. klo 17<\/strong>. L\u00e4hdemme yhdess\u00e4 vanhempien kyydein Keltolahteen (Keltolahdentie 105, matka n. 20 km)<\/p>\n\n\n\n<p>Leirin hinta on 70\u20ac<\/p>\n\n\n\n<p>Oriveden Er\u00e4sudet l\u00e4htev\u00e4t liikkeelle Seurakuntatalolta (Latokartanontie 5). Paluu on sunnuntaina samaan paikkaan.<\/p>\n\n\n\n<h2 class=\"wp-block-heading\" id=\"2-leirilt%C3%A4-paluu-ja-vierailup%C3%A4iv%C3%A4\">Leirilt\u00e4 paluu ja vierailup\u00e4iv\u00e4<\/h2>\n\n\n\n<p><strong>Sunnuntaina 8.6. klo 12<\/strong>\u00a0alkaa Keltolahdessa yhteinen ohjelma, jonne my\u00f6s vanhemmat ja muut l\u00e4heiset ovat tervetulleita.\u00a0<strong>Keltolahdesta l\u00e4hdet\u00e4\u00e4n kohti Seurakuntataloa klo 14<\/strong>, jossa viel\u00e4 talkoillaan leirivarusteet yhteistuumin takaisin paikoilleen. Kotiin p\u00e4\u00e4st\u00e4\u00e4n l\u00e4htem\u00e4\u00e4n, kun yhteiset tavarat ovat oikeilla paikoillaan, arviolta klo 15.<\/p>\n\n\n\n<h2 class=\"wp-block-heading\" id=\"3-maksuohjeet\">Maksuohjeet:<\/h2>\n\n\n\n<p>Leirimaksu maksetaan oman lippukunnan tilille 25.5. menness\u00e4. <\/p>\n\n\n\n<p>Saaja: Oriveden Er\u00e4sudet ry<br>Tilinumero: FI68 5311 0020 0885 66<br>Viitenumero:&nbsp;<strong>20255<\/strong><\/p>\n\n\n\n<div class=\"wp-block-buttons is-layout-flex wp-block-buttons-is-layout-flex\">\n<div class=\"wp-block-button\"><a class=\"wp-block-button__link wp-element-button\" href=\"https:\/\/kuksa.partio.fi\/Kotisivut\/login.aspx?Id=83374\">Ilmottaudu t\u00e4st\u00e4<\/a><\/div>\n<\/div>\n\n\n\n<p>Alustava varusteluettelo:<\/p>\n\n\n\n<ul class=\"wp-block-list\">\n<li>Rinkka tai reppu (ei irtonyss\u00e4k\u00f6it\u00e4 kuten muovipusseja)<\/li>\n\n\n\n<li>P\u00e4iv\u00e4reppu (<strong>vain seikkailijat ja vanhemmat ik\u00e4kaude<\/strong>t)<\/li>\n\n\n\n<li>Makuupussi<\/li>\n\n\n\n<li>Makuualusta<\/li>\n\n\n\n<li>Partiohuivi<\/li>\n\n\n\n<li>Partiopaita<\/li>\n\n\n\n<li>Tuulenpit\u00e4v\u00e4t takki ja housut<\/li>\n\n\n\n<li>Sadevaatteet<\/li>\n\n\n\n<li>T-paitoja ja pitk\u00e4hihaisia<\/li>\n\n\n\n<li>Vaihtohousut tai shortsit<\/li>\n\n\n\n<li>Vaihtosukkia<\/li>\n\n\n\n<li>Fleece- tai collegepaita<\/li>\n\n\n\n<li>Lippis tai muu lakki<\/li>\n\n\n\n<li>Hanskat<\/li>\n\n\n\n<li>Ulkoiluun sopivat keng\u00e4t<\/li>\n\n\n\n<li>Kumisaappaat<\/li>\n\n\n\n<li>Uimahousut<\/li>\n\n\n\n<li>Pyyhe<\/li>\n\n\n\n<li>Juomapullo (t\u00e4ynn\u00e4 vett\u00e4!)<\/li>\n\n\n\n<li>Ruokailuv\u00e4lineet\u00a0<strong>kangaskassiin<\/strong>\u00a0pakattuna (lautanen, muki, lusikka, haarukka, veitsi)<\/li>\n\n\n\n<li>Puukko<\/li>\n\n\n\n<li>Tasku- tai otsalamppu<\/li>\n\n\n\n<li>Varaparistot<\/li>\n\n\n\n<li>Kompassi<\/li>\n\n\n\n<li>Kello<\/li>\n\n\n\n<li>Istuinalusta<\/li>\n\n\n\n<li>Hyttysmyrkky<\/li>\n\n\n\n<li>Aurinkorasva<\/li>\n\n\n\n<li>Henk. koht. l\u00e4\u00e4kkeet<\/li>\n\n\n\n<li>Hammasharja ja -tahna<\/li>\n\n\n\n<li>Peseytymisv\u00e4lineet (biohajoavat)<\/li>\n\n\n\n<li>Pari muovipussia<\/li>\n\n\n\n<li>Reipasta asennetta ja hyv\u00e4\u00e4 fiilist\u00e4!<\/li>\n\n\n\n<li>Keltolahdessa ei ole s\u00e4hk\u00f6\u00e4. Oma matkapuhelintaan varten voi ottaa varavirtal\u00e4hteen. Leirinjohtajiston tavoittaa koko leirin ajan 24\/7<\/li>\n<\/ul>\n\n\n\n<figure class=\"wp-block-image size-large\"><a href=\"https:\/\/www.orivedenerasudet.fi\/wp-content\/uploads\/2025\/04\/Lahde2025.jpg\" rel=\"lightbox[1313]\"><img loading=\"lazy\" decoding=\"async\" width=\"1024\" height=\"1024\" src=\"https:\/\/www.orivedenerasudet.fi\/wp-content\/uploads\/2025\/04\/Lahde2025-1024x1024.jpg\" alt=\"\" class=\"wp-image-1314\" srcset=\"https:\/\/www.orivedenerasudet.fi\/wp-content\/uploads\/2025\/04\/Lahde2025-1024x1024.jpg 1024w, https:\/\/www.orivedenerasudet.fi\/wp-content\/uploads\/2025\/04\/Lahde2025-300x300.jpg 300w, https:\/\/www.orivedenerasudet.fi\/wp-content\/uploads\/2025\/04\/Lahde2025-150x150.jpg 150w, https:\/\/www.orivedenerasudet.fi\/wp-content\/uploads\/2025\/04\/Lahde2025-768x768.jpg 768w, https:\/\/www.orivedenerasudet.fi\/wp-content\/uploads\/2025\/04\/Lahde2025-1536x1536.jpg 1536w, https:\/\/www.orivedenerasudet.fi\/wp-content\/uploads\/2025\/04\/Lahde2025-425x425.jpg 425w, https:\/\/www.orivedenerasudet.fi\/wp-content\/uploads\/2025\/04\/Lahde2025.jpg 1920w\" sizes=\"auto, (max-width: 1024px) 100vw, 1024px\" \/><\/a><\/figure>\n","protected":false},"excerpt":{"rendered":"<p>Oriveden Er\u00e4sudet ja Messukyl\u00e4n Mets\u00e4pojat j\u00e4rjest\u00e4v\u00e4t yhdess\u00e4 huikean p\u00e4\u00e4t\u00f6ksen kev\u00e4tkaudelle eli kauan odotetun kes\u00e4leirin Keltolahdessa! Kes\u00e4leirin nimen\u00e4 ja teemana on t\u00e4n\u00e4 vuonna L\u00e4hde! Mit\u00e4 kaikkea se tarkoittaakaan, reippaasti reissuun l\u00e4htemist\u00e4 vai mets\u00e4n siimeksess\u00e4 pulppuavaa l\u00e4hdett\u00e4? L\u00e4hde leirille niin saat selville.<a class=\"more-link\" href=\"https:\/\/www.orivedenerasudet.fi\/?p=1313\">Lue lis\u00e4\u00e4 \u2192<\/a><\/p>\n","protected":false},"author":18,"featured_media":1316,"comment_status":"closed","ping_status":"closed","sticky":false,"template":"","format":"standard","meta":{"footnotes":""},"categories":[10,3],"tags":[],"class_list":{"0":"entry","1":"post","2":"publish","3":"author-tapsa","4":"has-excerpt","5":"post-1313","7":"format-standard","8":"has-post-thumbnail","9":"category-menneet","10":"category-tapahtumat"},"_links":{"self":[{"href":"https:\/\/www.orivedenerasudet.fi\/index.php?rest_route=\/wp\/v2\/posts\/1313","targetHints":{"allow":["GET"]}}],"collection":[{"href":"https:\/\/www.orivedenerasudet.fi\/index.php?rest_route=\/wp\/v2\/posts"}],"about":[{"href":"https:\/\/www.orivedenerasudet.fi\/index.php?rest_route=\/wp\/v2\/types\/post"}],"author":[{"embeddable":true,"href":"https:\/\/www.orivedenerasudet.fi\/index.php?rest_route=\/wp\/v2\/users\/18"}],"replies":[{"embeddable":true,"href":"https:\/\/www.orivedenerasudet.fi\/index.php?rest_route=%2Fwp%2Fv2%2Fcomments&post=1313"}],"version-history":[{"count":6,"href":"https:\/\/www.orivedenerasudet.fi\/index.php?rest_route=\/wp\/v2\/posts\/1313\/revisions"}],"predecessor-version":[{"id":1342,"href":"https:\/\/www.orivedenerasudet.fi\/index.php?rest_route=\/wp\/v2\/posts\/1313\/revisions\/1342"}],"wp:featuredmedia":[{"embeddable":true,"href":"https:\/\/www.orivedenerasudet.fi\/index.php?rest_route=\/wp\/v2\/media\/1316"}],"wp:attachment":[{"href":"https:\/\/www.orivedenerasudet.fi\/index.php?rest_route=%2Fwp%2Fv2%2Fmedia&parent=1313"}],"wp:term":[{"taxonomy":"category","embeddable":true,"href":"https:\/\/www.orivedenerasudet.fi\/index.php?rest_route=%2Fwp%2Fv2%2Fcategories&post=1313"},{"taxonomy":"post_tag","embeddable":true,"href":"https:\/\/www.orivedenerasudet.fi\/index.php?rest_route=%2Fwp%2Fv2%2Ftags&post=1313"}],"curies":[{"name":"wp","href":"https:\/\/api.w.org\/{rel}","templated":true}]}}